{"id":4694,"date":"2026-04-23T16:10:46","date_gmt":"2026-04-23T13:10:46","guid":{"rendered":"https:\/\/hotelcontinental.bg\/hotel-continental-otvarja-vrati-na-15-maj-2026-g\/"},"modified":"2026-04-23T16:17:32","modified_gmt":"2026-04-23T13:17:32","slug":"hotelul-continental-isi-deschide-portile-pe-15-mai-2026","status":"publish","type":"post","link":"https:\/\/hotelcontinental.bg\/ro\/hotelul-continental-isi-deschide-portile-pe-15-mai-2026\/","title":{"rendered":"Hotelul Continental \u00ee\u0219i deschide por\u021bile pe 15 mai 2026"},"content":{"rendered":"\n<section class=\"cnt-intro nopadding sm\">\n    <figure caption=\"\" itemscope=\"\" class=\"cnt-intro__image p-relative\" itemtype=\"http:\/\/schema.org\/ImageObject\">\n         <picture>\n                            <source media=\"(min-width: 768px )\" srcset=\"https:\/\/hotelcontinental.bg\/wp-content\/uploads\/2026\/04\/15.05.2025-1.png\">\n                        \n            <img loading=\"lazy\" decoding=\"async\" width=\"1920\" height=\"557\" src=\"https:\/\/hotelcontinental.bg\/wp-content\/uploads\/2026\/04\/15.05.2025-1-768x511.png\" class=\"attachment-medium_large size-medium_large\" alt=\"\" srcset=\"https:\/\/hotelcontinental.bg\/wp-content\/uploads\/2026\/04\/15.05.2025-1-768x511.png 768w, https:\/\/hotelcontinental.bg\/wp-content\/uploads\/2026\/04\/15.05.2025-1-300x200.png 300w, https:\/\/hotelcontinental.bg\/wp-content\/uploads\/2026\/04\/15.05.2025-1-1024x682.png 1024w, https:\/\/hotelcontinental.bg\/wp-content\/uploads\/2026\/04\/15.05.2025-1-826x550.png 826w, https:\/\/hotelcontinental.bg\/wp-content\/uploads\/2026\/04\/15.05.2025-1-376x250.png 376w, https:\/\/hotelcontinental.bg\/wp-content\/uploads\/2026\/04\/15.05.2025-1-801x533.png 801w, https:\/\/hotelcontinental.bg\/wp-content\/uploads\/2026\/04\/15.05.2025-1-751x500.png 751w, https:\/\/hotelcontinental.bg\/wp-content\/uploads\/2026\/04\/15.05.2025-1.png 1537w\" sizes=\"auto, (max-width: 768px) 100vw, 768px\" \/>        <\/picture>\n\n        <noscript>\n            <img loading=\"lazy\" decoding=\"async\" width=\"1920\" height=\"557\" src=\"https:\/\/hotelcontinental.bg\/wp-content\/uploads\/2026\/04\/15.05.2025-1-768x511.png\" class=\"attachment-medium_large size-medium_large\" alt=\"\" srcset=\"https:\/\/hotelcontinental.bg\/wp-content\/uploads\/2026\/04\/15.05.2025-1-768x511.png 768w, https:\/\/hotelcontinental.bg\/wp-content\/uploads\/2026\/04\/15.05.2025-1-300x200.png 300w, https:\/\/hotelcontinental.bg\/wp-content\/uploads\/2026\/04\/15.05.2025-1-1024x682.png 1024w, https:\/\/hotelcontinental.bg\/wp-content\/uploads\/2026\/04\/15.05.2025-1-826x550.png 826w, https:\/\/hotelcontinental.bg\/wp-content\/uploads\/2026\/04\/15.05.2025-1-376x250.png 376w, https:\/\/hotelcontinental.bg\/wp-content\/uploads\/2026\/04\/15.05.2025-1-801x533.png 801w, https:\/\/hotelcontinental.bg\/wp-content\/uploads\/2026\/04\/15.05.2025-1-751x500.png 751w, https:\/\/hotelcontinental.bg\/wp-content\/uploads\/2026\/04\/15.05.2025-1.png 1537w\" sizes=\"auto, (max-width: 768px) 100vw, 768px\" \/>        <\/noscript>\n    <\/figure>\n\n    <div class=\"cnt-intro-box padding\">\n        \r\n<ul class=\"cnt-intro-box__breadcrumbs fs-14 cw\">\r\n    \r\n\t    <li class=\"breadcrumbs-item \"\r\n\t        >\r\n\r\n\t        \t        \t<a class=\"an-hover-op\" href=\"https:\/\/hotelcontinental.bg\/ro\/\">Home &nbsp;<\/a>\r\n\t        \t    <\/li>\r\n    \r\n\t    <li class=\"breadcrumbs-item active\"\r\n\t        aria-current=\"page\">\r\n\r\n\t        \t        \tNews\t        \t    <\/li>\r\n    \r\n\t    <li class=\"breadcrumbs-item active\"\r\n\t        aria-current=\"page\">\r\n\r\n\t        \t        \tHotelul Continental \u00ee\u0219i deschide por\u021bile pe 15 mai 2026\t        \t    <\/li>\r\n    <\/ul>\r\n\n        <div class=\"cnt-intro-box__title t-center \">\n            \n            <h2 class=\"lh-46 ls-11 regular\">\n                                    <span class=\"ff-playd fs-36 italic cdblue\">\n                        Hotelul Continental \u00ee\u0219i deschide por\u021bile pe 15 mai 2026                    <\/span>\n                \n                            <\/h2>\n\n            \n            \n            \n                    <\/div>\n\t\t    <\/div>\n<\/section>\n\n\n\n\n\r\n<section class=\"cnt-single-post\">\r\n    <article>\r\n        <p>Avem pl\u0103cerea s\u0103 v\u0103 inform\u0103m c\u0103 hotelul \u00ee\u0219i va deschide por\u021bile pentru noul sezon de var\u0103 pe 15 mai 2026 \u0219i a\u0219teapt\u0103 cu ner\u0103bdare s\u0103 \u00ee\u0219i \u00eent\u00e2mpine oaspe\u021bii pentru \u00eenc\u0103 o var\u0103 de neuitat.<\/p>\n<p>Am preg\u0103tit o atmosfer\u0103 confortabil\u0103, facilit\u0103\u021bi modernizate \u0219i servicii excelente, pentru ca vacan\u021ba dumneavoastr\u0103 s\u0103 fie lini\u0219tit\u0103 \u0219i pl\u0103cut\u0103. V\u0103 a\u0219teapt\u0103 zile \u00eensorite, atmosfer\u0103 de vacan\u021b\u0103 la mare \u0219i momente speciale pe malul m\u0103rii.<\/p>\n<p>Rezerva\u021bi-v\u0103 vacan\u021ba din timp \u0219i asigura\u021bi-v\u0103 cele mai bune date pentru sezonul estival. Cele mai bune pre\u021buri \u0219i oferte exclusive le g\u0103si\u021bi la rezervarea direct\u0103 pe site-ul nostru oficial \u2013 hotelcontinental.bg.<\/p>\n<p>V\u0103 a\u0219tept\u0103m din 15 mai 2026!<\/p>\n    <\/article>\r\n\r\n    <aside class=\"cnt-post-aside\">\r\n                    <h2 class=\"cnt-post-aside__title\">\r\n                Mai multe nout\u0103\u021bi            <\/h2>\r\n        \r\n        <div class=\"cnt-post-aside__more\">\r\n                            <div class=\"more-item\">\r\n                    <a href=\"https:\/\/hotelcontinental.bg\/ro\/experienta-culinara-la-continental-delicii-preparate-de-sezon-si-arome-locale\/\">\r\n                                                    \r\n                        <figure caption=\"\" itemscope=\"\" class=\"p-relative\" itemtype=\"http:\/\/schema.org\/ImageObject\">\r\n                           <picture>\r\n                                <img loading=\"lazy\" decoding=\"async\" width=\"150\" height=\"150\" src=\"https:\/\/hotelcontinental.bg\/wp-content\/uploads\/2024\/09\/restoranti-i-barove-1-150x150.jpg\" class=\"attachment-thumbnail size-thumbnail wp-post-image\" alt=\"\" srcset=\"https:\/\/hotelcontinental.bg\/wp-content\/uploads\/2024\/09\/restoranti-i-barove-1-150x150.jpg 150w, https:\/\/hotelcontinental.bg\/wp-content\/uploads\/2024\/09\/restoranti-i-barove-1-96x96.jpg 96w\" sizes=\"auto, (max-width: 150px) 100vw, 150px\" \/>                            <\/picture>\r\n\r\n                            <noscript>\r\n                                <img loading=\"lazy\" decoding=\"async\" width=\"150\" height=\"150\" src=\"https:\/\/hotelcontinental.bg\/wp-content\/uploads\/2024\/09\/restoranti-i-barove-1-150x150.jpg\" class=\"attachment-thumbnail size-thumbnail wp-post-image\" alt=\"\" srcset=\"https:\/\/hotelcontinental.bg\/wp-content\/uploads\/2024\/09\/restoranti-i-barove-1-150x150.jpg 150w, https:\/\/hotelcontinental.bg\/wp-content\/uploads\/2024\/09\/restoranti-i-barove-1-96x96.jpg 96w\" sizes=\"auto, (max-width: 150px) 100vw, 150px\" \/>                            <\/noscript>\r\n                        <\/figure>\r\n                                            <\/a>\r\n\r\n                    <p class=\"more-item-text\">\r\n                        <a href=\"https:\/\/hotelcontinental.bg\/ro\/experienta-culinara-la-continental-delicii-preparate-de-sezon-si-arome-locale\/\" class=\"more-item-text__title\">\r\n                            Experien\u021ba culinar\u0103 la Continental \u2014 delicii, preparate de sezon \u0219i arome locale                        <\/a>\r\n\r\n                        <span class=\"more-item-text__date\">\r\n                            26 September 2025                        <\/span>\r\n\r\n                    <\/p>\r\n                <\/div>\r\n                            <div class=\"more-item\">\r\n                    <a href=\"https:\/\/hotelcontinental.bg\/ro\/nisipurile-de-aur-ghidul-dumneavoastra-pentru-obiective-plaje-si-colturi-ascunse-in-jurul-hotelului-continental\/\">\r\n                                                    \r\n                        <figure caption=\"\" itemscope=\"\" class=\"p-relative\" itemtype=\"http:\/\/schema.org\/ImageObject\">\r\n                           <picture>\r\n                                <img loading=\"lazy\" decoding=\"async\" width=\"150\" height=\"150\" src=\"https:\/\/hotelcontinental.bg\/wp-content\/uploads\/2024\/09\/golden-sands-hotel-continental-150x150.jpg\" class=\"attachment-thumbnail size-thumbnail wp-post-image\" alt=\"\" srcset=\"https:\/\/hotelcontinental.bg\/wp-content\/uploads\/2024\/09\/golden-sands-hotel-continental-150x150.jpg 150w, https:\/\/hotelcontinental.bg\/wp-content\/uploads\/2024\/09\/golden-sands-hotel-continental-96x96.jpg 96w\" sizes=\"auto, (max-width: 150px) 100vw, 150px\" \/>                            <\/picture>\r\n\r\n                            <noscript>\r\n                                <img loading=\"lazy\" decoding=\"async\" width=\"150\" height=\"150\" src=\"https:\/\/hotelcontinental.bg\/wp-content\/uploads\/2024\/09\/golden-sands-hotel-continental-150x150.jpg\" class=\"attachment-thumbnail size-thumbnail wp-post-image\" alt=\"\" srcset=\"https:\/\/hotelcontinental.bg\/wp-content\/uploads\/2024\/09\/golden-sands-hotel-continental-150x150.jpg 150w, https:\/\/hotelcontinental.bg\/wp-content\/uploads\/2024\/09\/golden-sands-hotel-continental-96x96.jpg 96w\" sizes=\"auto, (max-width: 150px) 100vw, 150px\" \/>                            <\/noscript>\r\n                        <\/figure>\r\n                                            <\/a>\r\n\r\n                    <p class=\"more-item-text\">\r\n                        <a href=\"https:\/\/hotelcontinental.bg\/ro\/nisipurile-de-aur-ghidul-dumneavoastra-pentru-obiective-plaje-si-colturi-ascunse-in-jurul-hotelului-continental\/\" class=\"more-item-text__title\">\r\n                            Nisipurile de Aur \u2014 ghidul dumneavoastr\u0103 pentru obiective, plaje \u0219i col\u021buri ascunse \u00een jurul Hotelului Continental                        <\/a>\r\n\r\n                        <span class=\"more-item-text__date\">\r\n                            26 September 2025                        <\/span>\r\n\r\n                    <\/p>\r\n                <\/div>\r\n                            <div class=\"more-item\">\r\n                    <a href=\"https:\/\/hotelcontinental.bg\/ro\/sejur-de-lux-si-confort-de-ce-hotel-continental-este-alegerea-potrivita\/\">\r\n                                                    \r\n                        <figure caption=\"\" itemscope=\"\" class=\"p-relative\" itemtype=\"http:\/\/schema.org\/ImageObject\">\r\n                           <picture>\r\n                                <img loading=\"lazy\" decoding=\"async\" width=\"150\" height=\"150\" src=\"https:\/\/hotelcontinental.bg\/wp-content\/uploads\/2024\/07\/continental-apartmants-sea-view-9-150x150.jpg\" class=\"attachment-thumbnail size-thumbnail wp-post-image\" alt=\"\" srcset=\"https:\/\/hotelcontinental.bg\/wp-content\/uploads\/2024\/07\/continental-apartmants-sea-view-9-150x150.jpg 150w, https:\/\/hotelcontinental.bg\/wp-content\/uploads\/2024\/07\/continental-apartmants-sea-view-9-96x96.jpg 96w\" sizes=\"auto, (max-width: 150px) 100vw, 150px\" \/>                            <\/picture>\r\n\r\n                            <noscript>\r\n                                <img loading=\"lazy\" decoding=\"async\" width=\"150\" height=\"150\" src=\"https:\/\/hotelcontinental.bg\/wp-content\/uploads\/2024\/07\/continental-apartmants-sea-view-9-150x150.jpg\" class=\"attachment-thumbnail size-thumbnail wp-post-image\" alt=\"\" srcset=\"https:\/\/hotelcontinental.bg\/wp-content\/uploads\/2024\/07\/continental-apartmants-sea-view-9-150x150.jpg 150w, https:\/\/hotelcontinental.bg\/wp-content\/uploads\/2024\/07\/continental-apartmants-sea-view-9-96x96.jpg 96w\" sizes=\"auto, (max-width: 150px) 100vw, 150px\" \/>                            <\/noscript>\r\n                        <\/figure>\r\n                                            <\/a>\r\n\r\n                    <p class=\"more-item-text\">\r\n                        <a href=\"https:\/\/hotelcontinental.bg\/ro\/sejur-de-lux-si-confort-de-ce-hotel-continental-este-alegerea-potrivita\/\" class=\"more-item-text__title\">\r\n                            Sejur de lux \u0219i confort: de ce Hotel Continental este alegerea potrivit\u0103                        <\/a>\r\n\r\n                        <span class=\"more-item-text__date\">\r\n                            26 September 2025                        <\/span>\r\n\r\n                    <\/p>\r\n                <\/div>\r\n                    <\/div>\r\n    <\/aside>\r\n<\/section>\r\n\r\n","protected":false},"excerpt":{"rendered":"","protected":false},"author":2,"featured_media":4686,"comment_status":"open","ping_status":"open","sticky":false,"template":"","format":"standard","meta":{"footnotes":""},"categories":[25],"tags":[],"yst_prominent_words":[],"class_list":["post-4694","post","type-post","status-publish","format-standard","has-post-thumbnail","hentry","category-news-ro"],"_links":{"self":[{"href":"https:\/\/hotelcontinental.bg\/ro\/wp-json\/wp\/v2\/posts\/4694","targetHints":{"allow":["GET"]}}],"collection":[{"href":"https:\/\/hotelcontinental.bg\/ro\/wp-json\/wp\/v2\/posts"}],"about":[{"href":"https:\/\/hotelcontinental.bg\/ro\/wp-json\/wp\/v2\/types\/post"}],"author":[{"embeddable":true,"href":"https:\/\/hotelcontinental.bg\/ro\/wp-json\/wp\/v2\/users\/2"}],"replies":[{"embeddable":true,"href":"https:\/\/hotelcontinental.bg\/ro\/wp-json\/wp\/v2\/comments?post=4694"}],"version-history":[{"count":2,"href":"https:\/\/hotelcontinental.bg\/ro\/wp-json\/wp\/v2\/posts\/4694\/revisions"}],"predecessor-version":[{"id":4698,"href":"https:\/\/hotelcontinental.bg\/ro\/wp-json\/wp\/v2\/posts\/4694\/revisions\/4698"}],"wp:featuredmedia":[{"embeddable":true,"href":"https:\/\/hotelcontinental.bg\/ro\/wp-json\/wp\/v2\/media\/4686"}],"wp:attachment":[{"href":"https:\/\/hotelcontinental.bg\/ro\/wp-json\/wp\/v2\/media?parent=4694"}],"wp:term":[{"taxonomy":"category","embeddable":true,"href":"https:\/\/hotelcontinental.bg\/ro\/wp-json\/wp\/v2\/categories?post=4694"},{"taxonomy":"post_tag","embeddable":true,"href":"https:\/\/hotelcontinental.bg\/ro\/wp-json\/wp\/v2\/tags?post=4694"},{"taxonomy":"yst_prominent_words","embeddable":true,"href":"https:\/\/hotelcontinental.bg\/ro\/wp-json\/wp\/v2\/yst_prominent_words?post=4694"}],"curies":[{"name":"wp","href":"https:\/\/api.w.org\/{rel}","templated":true}]}}